{"id":1170,"date":"2017-04-07T10:26:29","date_gmt":"2017-04-07T09:26:29","guid":{"rendered":"http:\/\/echecsetmixte.fr\/?p=1170"},"modified":"2017-04-20T14:44:10","modified_gmt":"2017-04-20T13:44:10","slug":"discours-de-julien-clarebout-la-mixite-dans-le-val-doise","status":"publish","type":"post","link":"http:\/\/echecsetmixte.fr\/?p=1170","title":{"rendered":"Discours de Julien Clarebout: la mixit\u00e9 dans le Val d&rsquo;Oise"},"content":{"rendered":"<p><em>Aujourd\u2019hui \u00c9checs et Mixte\u00a0! vous pr\u00e9sente un texte pr\u00e9par\u00e9 et lu par <\/em><em>Julien Clarebout, arbitre valdoisien <\/em><em>lors de l\u2019assembl\u00e9e g\u00e9n\u00e9rale de la ligue Ile-de-France tenue le 26 f\u00e9vrier, avec le soutien d\u2019<\/em><em>Alexandre Houlbert (Pr\u00e9sident du Comit\u00e9 d\u00e9partemental)<\/em><em>.<\/em><\/p>\n<p><em>Ce discours s\u2019inscrit dans la dynamique lanc\u00e9e par Christophe Paquin, Pr\u00e9sident du club d\u2019Ermont visant \u00e0 instaurer la mixit\u00e9 au niveau d\u00e9partemental et r\u00e9gional.\u00a0<\/em><!--more--><\/p>\n<p><img loading=\"lazy\" decoding=\"async\" class=\"wp-image-1171 alignright\" src=\"http:\/\/echecsetmixte.fr\/wp-content\/uploads\/2017\/04\/Grille-am\u00e9ricaine-300x160.png\" alt=\"Grille am\u00e9ricaine\" width=\"455\" height=\"243\" srcset=\"http:\/\/echecsetmixte.fr\/wp-content\/uploads\/2017\/04\/Grille-am\u00e9ricaine-300x160.png 300w, http:\/\/echecsetmixte.fr\/wp-content\/uploads\/2017\/04\/Grille-am\u00e9ricaine-768x411.png 768w, http:\/\/echecsetmixte.fr\/wp-content\/uploads\/2017\/04\/Grille-am\u00e9ricaine.png 782w\" sizes=\"auto, (max-width: 455px) 100vw, 455px\" \/><\/p>\n<p>Je profite d\u2019ailleurs de cet article pour pr\u00e9senter rapidement le travail qui a \u00e9t\u00e9 fait r\u00e9cemment dans le Val d\u2019Oise en termes de mixit\u00e9 et d\u2019\u00e9galit\u00e9 hommes\/femmes.<\/p>\n<p>Arm\u00e9 de convictions fortes et de la volont\u00e9 de faire \u00e9voluer les mentalit\u00e9s, le club d\u2019Ermont a d\u00e9cid\u00e9 de mettre en place la mixit\u00e9 lors de ses tournois, suivi de pr\u00e8s par le club de Franconville. \u00ab\u00a0Deux tournois jeunes, tenus r\u00e9cemment dans le d\u00e9partement (\u00e0 Ermont le 15 janvier et \u00e0 Franconville le 26 f\u00e9vrier)\u00a0ont donc \u00e9t\u00e9 totalement mixtes et les r\u00e9compenses ont \u00e9t\u00e9 attribu\u00e9es en fonction du classement uniquement.\u00a0\u00bb nous rapporte Christophe Paquin.<\/p>\n<p>Et les r\u00e9sultats ont \u00e9t\u00e9 \u00e0 la mesure de leurs esp\u00e9rances, sans toutefois les surprendre, puisque le podium chez les petits-poussins \u00e9tait \u00e0 66% f\u00e9minin, avec une petite-fille vainqueur avec 7\/7 et une autre troisi\u00e8me au d\u00e9partage, ex-aequo avec son camarade class\u00e9 second (<a href=\"http:\/\/www.franconville-echecs.com\/_rsc\/rsc\/249\/poussinscl.html\">http:\/\/www.franconville-echecs.com\/_rsc\/rsc\/249\/poussinscl.html<\/a>).<\/p>\n<p>Le tournoi d\u2019Ermont \u00e9tait quant \u00e0 lui mixte et toutes cat\u00e9gories confondues. \u00ab\u00a0Chez les plus \u00e2g\u00e9s (dont le niveau est\u00a0le plus fort), les gar\u00e7ons sont surrepr\u00e9sent\u00e9s\u00a0; le titre a donc \u00e9t\u00e9 remport\u00e9 par un gar\u00e7on.\u00a0\u00bb explique \u00e0 nouveau Christophe.<\/p>\n<p>Des premiers r\u00e9sultats fort positifs donc, mais aussi encourag\u00e9s par les participants\u00a0: lors d\u2019un tournoi jeunes organis\u00e9 \u00e0 Ermont, Christophe a annonc\u00e9 entre deux rondes,\u00a0que la mixit\u00e9 serait de mise pour ce tournoi. Il a \u00e9t\u00e9 chaudement applaudi par le public, preuve que la volont\u00e9 de s\u00e9parer filles et gar\u00e7ons d\u00e8s le plus jeune \u00e2ge ne repr\u00e9sente pas forc\u00e9ment l\u2019opinion du plus grand nombre.<\/p>\n<p>Voil\u00e0 sans plus attendre, le tr\u00e8s beau discours de Julien Clarebout\u00a0:<\/p>\n<p>&nbsp;<\/p>\n<p><em>\u00ab\u00a0Mesdames, Messieurs les membres de l\u2019assembl\u00e9e g\u00e9n\u00e9rale. Madame la ligue Ile de France des \u00e9checs. <\/em><\/p>\n<p><em>Je prends la parole ce jour pour mettre en valeur un choix d\u2019organisation effectu\u00e9 dans 7 d\u00e9partements sur 8 d\u2019Ile de France. <\/em><\/p>\n<p><em>Cette ann\u00e9e le comit\u00e9 directeur du Val d\u2019Oise a pr\u00e9sent\u00e9 ce choix lors de son assembl\u00e9e g\u00e9n\u00e9rale qui a approuv\u00e9 \u00e0 la tr\u00e8s grande majorit\u00e9 la mixit\u00e9 des tournois lors du championnat d\u00e9partemental des jeunes. <\/em><\/p>\n<p><em>Nous notons aussi que lors du R&amp;B jeunes d\u2019octobre 2016, la ligue a fait le m\u00eame choix de la mixit\u00e9 et nous avons pu observer, en particulier dans les plus jeunes cat\u00e9gories que filles et gar\u00e7ons \u00e9taient parfaitement repr\u00e9sent\u00e9s sur le podium. <\/em><\/p>\n<p><em>Preuve encore une fois que nous naissons tous libres, \u00e9gaux et avec les m\u00eames capacit\u00e9s \u00e9chiqu\u00e9ennes mais j\u2019ose esp\u00e9rer que personne ici n\u2019imagine le contraire. Notre sport \u00e9tant l\u2019un des plus beaux exemples d\u2019accessibilit\u00e9 et d\u2019ouverture d\u2019esprit. <\/em><\/p>\n<p><em>Quelle tristesse alors, de constater qu\u2019une r\u00e9elle mixit\u00e9 n\u2019est toujours pas envisag\u00e9e lors des championnats de ligue. <\/em><\/p>\n<p><em>Un simple constat technique : l\u2019utilisation d\u2019un syst\u00e8me suisse en 9 rondes pour un groupe d\u2019une vingtaine de joueuses ne permet pas la tenue de parties \u00e9quilibr\u00e9es sur l\u2019ensemble du tournoi. Sur 9 rondes nos joueuses ne font que 2 ou 3 parties de ce type permettant d\u2019aider leurs progressions quand les gar\u00e7ons m\u00e8nent des parties acharn\u00e9es sur l\u2019ensemble de leurs tournois. <\/em><\/p>\n<p><em>La ligue Ile de France n\u2019a pourtant pas \u00e0 rougir de ses championnes et chacune d\u2019entre elles nous a toujours repr\u00e9sent\u00e9s brillamment lors des championnats de France. On peut donc se dire que leur niveau exploserait si nous cessions de les freiner dans leur progression. <\/em><\/p>\n<p><em>Devant ce constat, nous demandons \u00e0 la ligue Ile de France, non pas de se positionner imm\u00e9diatement dans la pr\u00e9cipitation mais de r\u00e9unir les acteurs de ses diff\u00e9rentes commissions pour \u00e9tudier la faisabilit\u00e9 et la mani\u00e8re d\u2019organiser un v\u00e9ritable championnat de ligue o\u00f9 chaque joueur et joueuse serait trait\u00e9 \u00e0 \u00e9galit\u00e9. <\/em><\/p>\n<p><em>Nous pla\u00e7ons notre confiance en vous pour effectuer ce travail et nous transmettre votre r\u00e9ponse quand \u00e0 cette demande.\u00a0\u00bb<\/em><\/p>\n<p><em>Julien Clarebout<\/em><\/p>\n<p>&nbsp;<\/p>\n<p>La r\u00e9ponse de la ligue \u00e0 ce discours fut plut\u00f4t bien accueillie puisque l\u2019assembl\u00e9e a approuv\u00e9\u00a0\u00ab\u00a0l\u2019id\u00e9e d\u2019un travail de discussion et l&rsquo;extension de cette r\u00e9flexion \u00e0 l&rsquo;ensemble des d\u00e9partements pour, si le travail aboutit, pouvoir se pr\u00e9senter aupr\u00e8s de la f\u00e9d\u00e9ration avec l&rsquo;appui de tous les acteurs d&rsquo;Ile-de-France.\u00a0\u00bb nous \u00e9crit par mail Julien Clarebout, en rappelant malgr\u00e9 tout que c\u2019\u00e9tait \u00e0 la f\u00e9d\u00e9ration que revenait la responsabilit\u00e9 d\u2019instaurer la mixit\u00e9 \u00e0 cette \u00e9chelle.<\/p>\n<p>L\u2019accueil reste tr\u00e8s positif et nous ne doutons pas que le d\u00e9partement du Val d\u2019Oise, emmen\u00e9 par Christophe, Julien, Alexandre et les membres actifs du club de Franconville, entre autres fera avancer les choses au niveau r\u00e9gional et nous esp\u00e9rons au niveau national.<\/p>\n<p>Un grand merci \u00e0 eux pour leur soutien \u00e0 Echecs et Mixte\u00a0! et pour leurs actions men\u00e9es au quotidien.<\/p>\n<p>&nbsp;<\/p>\n","protected":false},"excerpt":{"rendered":"<p>Aujourd\u2019hui \u00c9checs et Mixte\u00a0! vous pr\u00e9sente un texte pr\u00e9par\u00e9 et lu par Julien Clarebout, arbitre valdoisien lors de l\u2019assembl\u00e9e g\u00e9n\u00e9rale de la ligue Ile-de-France tenue le 26 f\u00e9vrier, avec le soutien d\u2019Alexandre Houlbert (Pr\u00e9sident du Comit\u00e9 d\u00e9partemental). Ce discours s\u2019inscrit dans la dynamique lanc\u00e9e par Christophe Paquin, Pr\u00e9sident du club d\u2019Ermont visant \u00e0 instaurer la &#8230; <a title=\"Discours de Julien Clarebout: la mixit\u00e9 dans le Val d&rsquo;Oise\" class=\"read-more\" href=\"http:\/\/echecsetmixte.fr\/?p=1170\" aria-label=\"En savoir plus sur Discours de Julien Clarebout: la mixit\u00e9 dans le Val d&rsquo;Oise\">Lire la suite<\/a><\/p>\n","protected":false},"author":3,"featured_media":0,"comment_status":"open","ping_status":"open","sticky":false,"template":"","format":"chat","meta":{"_monsterinsights_skip_tracking":false,"_monsterinsights_sitenote_active":false,"_monsterinsights_sitenote_note":"","_monsterinsights_sitenote_category":0,"footnotes":""},"categories":[1],"tags":[],"class_list":["post-1170","post","type-post","status-publish","format-chat","hentry","category-non-classe","post_format-post-format-chat"],"_links":{"self":[{"href":"http:\/\/echecsetmixte.fr\/index.php?rest_route=\/wp\/v2\/posts\/1170","targetHints":{"allow":["GET"]}}],"collection":[{"href":"http:\/\/echecsetmixte.fr\/index.php?rest_route=\/wp\/v2\/posts"}],"about":[{"href":"http:\/\/echecsetmixte.fr\/index.php?rest_route=\/wp\/v2\/types\/post"}],"author":[{"embeddable":true,"href":"http:\/\/echecsetmixte.fr\/index.php?rest_route=\/wp\/v2\/users\/3"}],"replies":[{"embeddable":true,"href":"http:\/\/echecsetmixte.fr\/index.php?rest_route=%2Fwp%2Fv2%2Fcomments&post=1170"}],"version-history":[{"count":3,"href":"http:\/\/echecsetmixte.fr\/index.php?rest_route=\/wp\/v2\/posts\/1170\/revisions"}],"predecessor-version":[{"id":1177,"href":"http:\/\/echecsetmixte.fr\/index.php?rest_route=\/wp\/v2\/posts\/1170\/revisions\/1177"}],"wp:attachment":[{"href":"http:\/\/echecsetmixte.fr\/index.php?rest_route=%2Fwp%2Fv2%2Fmedia&parent=1170"}],"wp:term":[{"taxonomy":"category","embeddable":true,"href":"http:\/\/echecsetmixte.fr\/index.php?rest_route=%2Fwp%2Fv2%2Fcategories&post=1170"},{"taxonomy":"post_tag","embeddable":true,"href":"http:\/\/echecsetmixte.fr\/index.php?rest_route=%2Fwp%2Fv2%2Ftags&post=1170"}],"curies":[{"name":"wp","href":"https:\/\/api.w.org\/{rel}","templated":true}]}}