{"id":215,"date":"2015-04-04T16:42:18","date_gmt":"2015-04-04T15:42:18","guid":{"rendered":"http:\/\/echecsetmixte.fr\/?p=215"},"modified":"2017-06-11T10:52:15","modified_gmt":"2017-06-11T09:52:15","slug":"une-genese-epique","status":"publish","type":"post","link":"http:\/\/echecsetmixte.fr\/?p=215","title":{"rendered":"Une gen\u00e8se \u00e9pique"},"content":{"rendered":"<p style=\"text-align: justify;\">Le 15 octobre 2014, Isabelle Billard, Mathilde Congiu, Aur\u00e9lie Dacalor et Aude Soubrier ont diffus\u00e9 une <a href=\"https:\/\/www.change.org\/p\/f%C3%A9d%C3%A9ration-fran%C3%A7aise-des-echecs-rendre-mixtes-les-championnats-de-france-d-%C3%A9checs-des-jeunes-2\">p\u00e9tition<\/a> afin que le Comit\u00e9 Directeur de la <a href=\"http:\/\/www.echecs.asso.fr\/\">FFE<\/a> puisse d\u00e9battre du sujet de la mixit\u00e9 aux championnats de France d&rsquo;\u00e9checs des jeunes, \u00e0 l&rsquo;occasion de sa r\u00e9union pr\u00e9vue en novembre.<\/p>\n<p>La p\u00e9tition \u00e9tait r\u00e9dig\u00e9e de la fa\u00e7on suivante :\u00a0<!--more--><span style=\"color: #ffffff;\"><strong>Aur\u00e9lie Dacalor<\/strong><strong>Aur\u00e9lie Dacalor<\/strong><strong>Aur\u00e9lie Dacalor<\/strong><strong>Aur\u00e9lie Dacalor<\/strong><strong>Aur\u00e9lie Dacalor<\/strong><\/span><\/p>\n<blockquote>\n<p style=\"text-align: justify;\"><span style=\"color: #666699;\"><strong>La mixit\u00e9 des championnats de France d&rsquo;\u00e9checs des jeunes doit \u00eatre un \u00e9l\u00e9ment clef de la politique f\u00e9minine aux \u00e9checs pour les raisons suivantes : <span style=\"color: #ffffff;\">Aur\u00e9lie DacalorAur\u00e9lie DacalorAur\u00e9lie DacalorAur\u00e9lie DacalorAur\u00e9lie Dacalor<\/span><\/strong><\/span><\/p>\n<ul style=\"text-align: justify;\">\n<li><span style=\"color: #666699;\"><em><strong>Un argument de principe :<\/strong><\/em> Les filles doivent \u00eatre autant encourag\u00e9es et avoir autant l\u2019opportunit\u00e9 d\u2019obtenir des titres mixtes que les gar\u00e7ons or ce n\u2019est \u00e0 l\u2019\u00e9vidence pas le cas aujourd\u2019hui. La grande majorit\u00e9 des intervenants aupr\u00e8s des jeunes joueuses (dirigeants de club, entra\u00eeneurs, personnel de la FFE, etc.) encourage au contraire les filles \u00e0 briguer les titres et qualifications les plus faciles \u00e0 obtenir, \u00e0 savoir les f\u00e9minins. Il faut \u00e9galement mettre fin \u00e0 la tentation actuelle de pr\u00e9senter les titres mixtes et f\u00e9minins comme \u00e9quivalents : \u00eatre championne de la moiti\u00e9 (en l\u2019occurrence f\u00e9minine) d\u2019une population donn\u00e9e ne pourra jamais \u00eatre \u00e9quivalent au fait d\u2019\u00eatre champion-ne de la totalit\u00e9 de la m\u00eame population. <span style=\"color: #ffffff;\"><strong>Aur\u00e9lie Dacalor<\/strong><strong>Aur\u00e9lie Dacalor<\/strong><strong>Aur\u00e9lie Dacalor<\/strong><\/span><br \/>\n<\/span><\/li>\n<\/ul>\n<ul style=\"text-align: justify;\">\n<li><span style=\"color: #666699;\"><em><strong>Un argument pragmatique :<\/strong><\/em> Les filles doivent pouvoir autant progresser que les gar\u00e7ons \u00e0 l\u2019occasion des championnats de France jeunes. Les efforts, le travail et, partant, les r\u00e9sultats, sont d\u2019autant plus importants que les objectifs sont ambitieux. Quand l\u2019objectif est moindre (il n\u2019est un secret pour personne que les championnats f\u00e9minins sont consid\u00e9rablement moins relev\u00e9s que les championnats mixtes), les performances ne peuvent qu\u2019\u00eatre moindres. Des championnats mixtes, <strong>n\u00e9cessairement accompagn\u00e9s de la poursuite des titres mixtes par les filles<\/strong> (qui doivent donc \u00eatre encourag\u00e9es en cela par leur entourage <strong>et par la FFE<\/strong>), sont un outil indispensable pour l\u2019\u00e9l\u00e9vation du niveau f\u00e9minin. <span style=\"color: #ffffff;\"><strong>Aur\u00e9lie Dacalor<\/strong> <strong>Aur\u00e9lie Dacalor<\/strong> <strong>Aur\u00e9lie Dacalor<\/strong><\/span><br \/>\n<\/span><\/li>\n<\/ul>\n<ul style=\"text-align: justify;\">\n<li><span style=\"color: #666699;\"><em><strong>Un argument psychologique<\/strong><\/em>. Comment nos jeunes joueuses peuvent-elles se construire comme les \u00e9gales de leurs camarades masculins et comment peuvent-elles consid\u00e9rer qu\u2019elles ont autant de potentiel qu\u2019eux alors qu\u2019on les oriente pendant des ann\u00e9es vers des championnats s\u00e9par\u00e9s et de moindre force avec des titres s\u00e9par\u00e9s et de moindre importance ? <span style=\"color: #ffffff;\"><strong>Aur\u00e9lie Dacalor<\/strong><\/span><br \/>\n<\/span><\/li>\n<\/ul>\n<ul style=\"text-align: justify;\">\n<li><span style=\"color: #666699;\"><em><strong>Un argument de droit:<\/strong><\/em> S\u2019il existe un championnat f\u00e9minin, duquel le genre masculin est strictement exclu, son pendant exact\u00a0devrait \u00eatre\u00a0un championnat masculin\u00a0excluant strictement les femmes. Le syst\u00e8me actuel est hybride, in\u00e9quitable\u00a0et il est\u00a0pr\u00e9judiciable\u00a0\u00e0 la valorisation du championnat de France mixte, le seul qui devrait \u00eatre accept\u00e9. Quant au demi-championnat\u00a0qu&rsquo;est le f\u00e9minin, il est sportivement peu cr\u00e9dible. <span style=\"color: #ffffff;\"><strong>Aur\u00e9lie Dacalor<\/strong><strong>Aur\u00e9lie Dacalor<\/strong><strong>Aur\u00e9lie Dacalor<\/strong><\/span><br \/>\n<\/span><\/li>\n<\/ul>\n<ul style=\"text-align: justify;\">\n<li><span style=\"color: #666699;\"><strong><em>Un argument de communication<\/em>:<\/strong> Comment peut-on justifier aupr\u00e8s de la population ou de sponsors qu\u2019un sport intellectuel soit non mixte alors que l\u2019\u00e9cole est obligatoirement mixte ? <span style=\"color: #ffffff;\"><strong>Aur\u00e9lie Dacalor<\/strong><strong>Aur\u00e9lie Dacalor<\/strong><strong>Aur\u00e9lie Dacalor<\/strong><strong>Aur\u00e9lie Dacalor<\/strong><\/span><br \/>\n<\/span><\/li>\n<\/ul>\n<p style=\"text-align: justify;\"><span style=\"color: #666699;\"><strong>Afin d\u2019am\u00e9liorer la port\u00e9e des championnats jeunes actuels, nous proposons une politique alternative, fond\u00e9e sur l\u2019id\u00e9e d\u2019\u00e9galit\u00e9 entre jeunes joueurs et joueuses d\u2019\u00e9checs : <span style=\"color: #ffffff;\">Aur\u00e9lie DacalorAur\u00e9lie DacalorAur\u00e9lie Dacalor<\/span><br \/>\n<\/strong><\/span><\/p>\n<ul>\n<li style=\"text-align: justify;\"><span style=\"color: #666699;\"><em>Championnats de France jeunes exclusivement mixtes<\/em>, <span style=\"color: #ffffff;\"><strong>Aur\u00e9lie Dacalor<\/strong> <strong>Aur\u00e9lie Dacalor<\/strong> <strong>Aur\u00e9lie Dacalor<\/strong> <strong>Aur\u00e9lie Dacalor<\/strong> <\/span><br \/>\n<\/span><\/li>\n<li style=\"text-align: justify;\"><span style=\"color: #666699;\"><em>Qualifications aux championnats de France, d\u2019Europe et du monde \u00e9galement r\u00e9parties entre gar\u00e7ons et filles<\/em>,<br \/>\n<\/span><\/li>\n<li style=\"text-align: justify;\"><span style=\"color: #666699;\"><em>Incitation faite aux filles d\u2019avoir les m\u00eames objectifs sportifs que les gar\u00e7ons<\/em>. <span style=\"color: #ffffff;\"><strong>Aur\u00e9lie Dacalor<\/strong> <strong>Aur\u00e9lie Dacalor<\/strong><\/span><br \/>\n<\/span><\/li>\n<\/ul>\n<\/blockquote>\n<p style=\"text-align: justify;\">Les signataires sont essentiellement des joueurs d\u2019\u00e9checs, la p\u00e9tition a suscit\u00e9 l\u2019adh\u00e9sion de nombreuses participantes, pour certaines vainqueurs des championnats de France jeunes f\u00e9minins. Les autres signataires sont des responsables \u00e0 la F\u00e9d\u00e9ration, de nombreux parents, mais aussi de nombreux joueurs de haut niveau. Tous ont rendu la question plus audible et en ont d\u00e9montr\u00e9 l\u2019int\u00e9r\u00eat transversal. <span style=\"color: #ffffff;\"><strong>Aur\u00e9lie Dacalor<\/strong> <strong>Aur\u00e9lie Dacalor<\/strong><\/span><\/p>\n<p style=\"text-align: justify;\">Chronologiquement, Aur\u00e9lie Dacalor, alors Secr\u00e9taire G\u00e9n\u00e9rale de la\u00a0 FFE, avait fait porter le sujet de la mixit\u00e9 aux championnats de France jeunes \u00e0 l\u2019ordre du jour du Comit\u00e9 Directeur de juin 2014. Il n&rsquo;avait alors suscit\u00e9 aucune r\u00e9action n\u00e9gative des dirigeants, et c&rsquo;est faute de temps qu&rsquo;il n\u2019avait pas \u00e9t\u00e9 abord\u00e9 par le Comit\u00e9. <span style=\"color: #ffffff;\"><strong>Aur\u00e9lie Dacalor<\/strong> <strong>Aur\u00e9lie Dacalor<\/strong> <strong>Aur\u00e9lie Dacalor<\/strong> <strong>Aur\u00e9lie Dacalor<\/strong> <strong>Aur\u00e9lie Dacalor<\/strong> <strong>Aur\u00e9lie Dacalor<\/strong><\/span><\/p>\n<p style=\"text-align: justify;\">La p\u00e9tition n&rsquo;a vu le jour que pr\u00e8s d&rsquo;un semestre plus tard, lorsque les joueuses signataires se sont rassembl\u00e9es pour porter ce sujet de discussion \u00e0 l&rsquo;approche du Comit\u00e9 Directeur de novembre. Les p\u00e9titionnaires n&rsquo;ont vu aucun obstacle \u00e0 ouvrir le d\u00e9bat de mani\u00e8re informelle pour permettre aux dirigeants de la FFE d&rsquo;en cerner les axes majeurs. Ce droit de proposition, d&rsquo;actualit\u00e9 et non-coercitif, n&rsquo;\u00e9tait finalement qu&rsquo;une redite de l&rsquo;ordre de jour pr\u00e9c\u00e9dent, non \u00e9puis\u00e9. <span style=\"color: #ffffff;\"><strong>Aur\u00e9lie Dacalor<\/strong> <strong>Aur\u00e9lie Dacalor<\/strong> <strong>Aur\u00e9lie Dacalor<\/strong> <strong>Aur\u00e9lie Dacalor<\/strong> <strong>Aur\u00e9lie Dacalor<\/strong> <strong>Aur\u00e9lie Dacalor<\/strong><\/span><\/p>\n<p style=\"text-align: justify;\">Or il se trouve que cette p\u00e9tition a d\u00e9mesur\u00e9ment offusqu\u00e9 la F\u00e9d\u00e9ration Fran\u00e7aise des \u00c9checs, et plus pr\u00e9cis\u00e9ment sa Directrice Nationale des F\u00e9minines, Jocelyne Wolfangel. A tel point que la question de fond fut enti\u00e8rement d\u00e9tourn\u00e9e de son objectif de discussion et ses partisans r\u00e9duits au silence. Aucun argument de sa part n&rsquo;est venu alimenter la r\u00e9flexion et les \u00e9changes relatifs \u00e0 la mixit\u00e9. C&rsquo;est \u00e0 regrets que le d\u00e9bat d\u2019id\u00e9es fut m\u00eame transform\u00e9 en conflit personnel. Esp\u00e9rant des excuses des p\u00e9titionnaires qu&rsquo;elle n&rsquo;a pas obtenues, la Directrice Nationale des F\u00e9minines a d\u00e9missionn\u00e9 de ses fonctions \u00e0 la F\u00e9d\u00e9ration se d\u00e9clarant d\u00e9sormais incapable d&rsquo;assurer ses <em>\u00ab\u00a0fonctions en toute s\u00e9r\u00e9nit\u00e9\u00a0\u00bb. <span style=\"color: #ffffff;\"><strong>Aur\u00e9lie Dacalor<\/strong><\/span><br \/>\n<\/em><\/p>\n<p style=\"text-align: justify;\">Depuis que la DNF a finalement repris son poste, nous ne connaissons pas plus ses arguments de fond qu&rsquo;au lancement de la p\u00e9tition. De cette mani\u00e8re, ce qui relevait d&rsquo;une volont\u00e9 saine et collective de discussion pour faire progresser le niveau g\u00e9n\u00e9ral des joueuses n&rsquo;a jamais atteint son but.<\/p>\n<p style=\"text-align: justify;\">Maintenant qu&rsquo;aucun pr\u00e9tendu conflit n&rsquo;est plus une issue de secours, bien \u00e9videmment le sujet de la mixit\u00e9 chez les jeunes joueurs d&rsquo;\u00e9checs demeure. Le souhait le plus vif d&rsquo;<strong>Echecs &amp; Mixte !<\/strong>, d\u00e9sormais constitu\u00e9e en association, reste celui de susciter un d\u00e9bat serein sur le fond, tant \u00e0 la FFE qu\u2019en dehors de ses organes de d\u00e9cision. Ce d\u00e9bat semble in\u00e9vitable si la FFE entend se montrer coh\u00e9rente entre les actions qu&rsquo;elle dit mener en faveur de la progression et l\u2019avenir des joueuses, et la politique qui est conduite \u00e0 ce jour pour y parvenir. <strong>\u00c9checs &amp; Mixte !<\/strong> en a fait son objet principal et ses membres agiront dans ce but tant que cela sera n\u00e9cessaire. <span style=\"color: #ffffff;\"><strong>Aur\u00e9lie Dacalor<\/strong> <strong>Aur\u00e9lie Dacalor<\/strong> <strong>Aur\u00e9lie Dacalor<\/strong> <strong>Aur\u00e9lie Dacalor<\/strong><\/span><\/p>\n<p style=\"text-align: center;\"><strong>En cette discipline sportive atypique, les femmes sont des joueurs comme les autres !<\/strong><\/p>\n","protected":false},"excerpt":{"rendered":"<p>Le 15 octobre 2014, Isabelle Billard, Mathilde Congiu, Aur\u00e9lie Dacalor et Aude Soubrier ont diffus\u00e9 une p\u00e9tition afin que le Comit\u00e9 Directeur de la FFE puisse d\u00e9battre du sujet de la mixit\u00e9 aux championnats de France d&rsquo;\u00e9checs des jeunes, \u00e0 l&rsquo;occasion de sa r\u00e9union pr\u00e9vue en novembre. La p\u00e9tition \u00e9tait r\u00e9dig\u00e9e de la fa\u00e7on suivante &#8230; <a title=\"Une gen\u00e8se \u00e9pique\" class=\"read-more\" href=\"http:\/\/echecsetmixte.fr\/?p=215\" aria-label=\"En savoir plus sur Une gen\u00e8se \u00e9pique\">Lire la suite<\/a><\/p>\n","protected":false},"author":1,"featured_media":0,"comment_status":"open","ping_status":"open","sticky":false,"template":"","format":"chat","meta":{"_monsterinsights_skip_tracking":false,"_monsterinsights_sitenote_active":false,"_monsterinsights_sitenote_note":"","_monsterinsights_sitenote_category":0,"footnotes":""},"categories":[15,19],"tags":[],"class_list":["post-215","post","type-post","status-publish","format-chat","hentry","category-actions","category-actualite","post_format-post-format-chat"],"_links":{"self":[{"href":"http:\/\/echecsetmixte.fr\/index.php?rest_route=\/wp\/v2\/posts\/215","targetHints":{"allow":["GET"]}}],"collection":[{"href":"http:\/\/echecsetmixte.fr\/index.php?rest_route=\/wp\/v2\/posts"}],"about":[{"href":"http:\/\/echecsetmixte.fr\/index.php?rest_route=\/wp\/v2\/types\/post"}],"author":[{"embeddable":true,"href":"http:\/\/echecsetmixte.fr\/index.php?rest_route=\/wp\/v2\/users\/1"}],"replies":[{"embeddable":true,"href":"http:\/\/echecsetmixte.fr\/index.php?rest_route=%2Fwp%2Fv2%2Fcomments&post=215"}],"version-history":[{"count":9,"href":"http:\/\/echecsetmixte.fr\/index.php?rest_route=\/wp\/v2\/posts\/215\/revisions"}],"predecessor-version":[{"id":1192,"href":"http:\/\/echecsetmixte.fr\/index.php?rest_route=\/wp\/v2\/posts\/215\/revisions\/1192"}],"wp:attachment":[{"href":"http:\/\/echecsetmixte.fr\/index.php?rest_route=%2Fwp%2Fv2%2Fmedia&parent=215"}],"wp:term":[{"taxonomy":"category","embeddable":true,"href":"http:\/\/echecsetmixte.fr\/index.php?rest_route=%2Fwp%2Fv2%2Fcategories&post=215"},{"taxonomy":"post_tag","embeddable":true,"href":"http:\/\/echecsetmixte.fr\/index.php?rest_route=%2Fwp%2Fv2%2Ftags&post=215"}],"curies":[{"name":"wp","href":"https:\/\/api.w.org\/{rel}","templated":true}]}}