{"id":233,"date":"2015-04-04T18:55:45","date_gmt":"2015-04-04T17:55:45","guid":{"rendered":"http:\/\/echecsetmixte.fr\/?p=233"},"modified":"2022-03-12T16:05:36","modified_gmt":"2022-03-12T15:05:36","slug":"les-actes-deposes-par-echecs-mixte","status":"publish","type":"post","link":"http:\/\/echecsetmixte.fr\/?p=233","title":{"rendered":"Les actes administratifs d&rsquo;\u00c9checs &#038; Mixte !"},"content":{"rendered":"<p style=\"text-align: justify;\">Vous trouverez dans cette rubrique tout ce qui se rapporte \u00e0 la vie de l&rsquo;association sur le plan administratif, n\u00e9cessite l&rsquo;intervention d&rsquo;institutions et implique la mobilisation des organes statutaires d&rsquo;<strong>\u00c9checs &amp; Mixte !<br \/><\/strong><\/p>\n<ol>\n<li><a href=\"http:\/\/echecsetmixte.fr\/wp-content\/uploads\/2015\/04\/Statuts-05.11.2015.pdf\">Les Statuts modifi\u00e9s le 05.11.2015<\/a><\/li>\n<li><a href=\"http:\/\/echecsetmixte.fr\/wp-content\/uploads\/2015\/03\/Le-Proc\u00e8s-Verbal-dAssembl\u00e9e-G\u00e9n\u00e9rale-Constitutive-du-17.02.2015.pdf\">Le Proc\u00e8s-Verbal d&rsquo;Assembl\u00e9e G\u00e9n\u00e9rale Constitutive du 17.02.2015<\/a><\/li>\n<li><a href=\"http:\/\/echecsetmixte.fr\/wp-content\/uploads\/2015\/03\/Le-r\u00e9c\u00e9piss\u00e9-de-d\u00e9claration-de-cr\u00e9ation-dassociation-du-01.03.2015.pdf\">Le r\u00e9c\u00e9piss\u00e9 de d\u00e9claration de cr\u00e9ation d&rsquo;association du 01.03.2015<\/a><\/li>\n<li><a href=\"http:\/\/echecsetmixte.fr\/wp-content\/uploads\/2015\/03\/Linsertion-au-Journal-Officiel-des-Associations-du-14.03.2015.pdf\">L&rsquo;insertion au Journal Officiel des Associations du 14.03.2015<\/a><\/li>\n<li><a href=\"http:\/\/echecsetmixte.fr\/wp-content\/uploads\/2015\/04\/PV-CD-11.08.15.pdf\">Le Proc\u00e8s-Verbal du Comit\u00e9 Directeur du 11.08.2015<\/a><\/li>\n<li><a href=\"http:\/\/echecsetmixte.fr\/wp-content\/uploads\/2015\/04\/PV-05-11-2015.pdf\">Le Proc\u00e8s-Verbal du Comit\u00e9 Directeur du 05.11.2015<\/a><\/li>\n<li><a href=\"http:\/\/echecsetmixte.fr\/wp-content\/uploads\/2015\/04\/Compte-rendu-CD-EM-08.03.2016-ADacalor.pdf\" rel=\"\">Le Proc\u00e8s-Verbal du Comit\u00e9 Directeur du 08.03.2016<\/a><\/li>\n<li><a href=\"http:\/\/echecsetmixte.fr\/wp-content\/uploads\/2015\/04\/PV-AG-EM-28.04.2016-A.Dacalor.pdf\" rel=\"\">Le Proc\u00e8s-Verbal d&rsquo;Assembl\u00e9e G\u00e9n\u00e9rale Ordinaire du 28.04.2016<\/a><\/li>\n<li><a href=\"http:\/\/echecsetmixte.fr\/wp-content\/uploads\/2015\/04\/PV-CD-EM-04.10.2016-A.Dacalor.pdf\" rel=\"\">Le Proc\u00e8s-Verbal du Comit\u00e9 Directeur du 04.10.2016<\/a><\/li>\n<li><a href=\"http:\/\/echecsetmixte.fr\/wp-content\/uploads\/2022\/03\/Compte-Rendu-de-lAssemblee-Generale.pdf\">Le Compte Rendu de l\u2019Assembl\u00e9e G\u00e9n\u00e9rale du 25.11.2021\u00a0<\/a><\/li>\n<\/ol>\n<p><span style=\"color: #ffffff;\"><strong>\u00a0<\/strong><\/span><\/p>\n\n\n<p><\/p>\n","protected":false},"excerpt":{"rendered":"<p>Vous trouverez dans cette rubrique tout ce qui se rapporte \u00e0 la vie de l&rsquo;association sur le plan administratif, n\u00e9cessite l&rsquo;intervention d&rsquo;institutions et implique la mobilisation des organes statutaires d&rsquo;\u00c9checs &amp; Mixte ! Les Statuts modifi\u00e9s le 05.11.2015 Le Proc\u00e8s-Verbal d&rsquo;Assembl\u00e9e G\u00e9n\u00e9rale Constitutive du 17.02.2015 Le r\u00e9c\u00e9piss\u00e9 de d\u00e9claration de cr\u00e9ation d&rsquo;association du 01.03.2015 L&rsquo;insertion &#8230; <a title=\"Les actes administratifs d&rsquo;\u00c9checs &#038; Mixte !\" class=\"read-more\" href=\"http:\/\/echecsetmixte.fr\/?p=233\" aria-label=\"En savoir plus sur Les actes administratifs d&rsquo;\u00c9checs &#038; Mixte !\">Lire la suite<\/a><\/p>\n","protected":false},"author":1,"featured_media":0,"comment_status":"open","ping_status":"open","sticky":false,"template":"","format":"chat","meta":{"_monsterinsights_skip_tracking":false,"_monsterinsights_sitenote_active":false,"_monsterinsights_sitenote_note":"","_monsterinsights_sitenote_category":0,"footnotes":""},"categories":[17],"tags":[],"class_list":["post-233","post","type-post","status-publish","format-chat","hentry","category-institutionnel","post_format-post-format-chat"],"_links":{"self":[{"href":"http:\/\/echecsetmixte.fr\/index.php?rest_route=\/wp\/v2\/posts\/233","targetHints":{"allow":["GET"]}}],"collection":[{"href":"http:\/\/echecsetmixte.fr\/index.php?rest_route=\/wp\/v2\/posts"}],"about":[{"href":"http:\/\/echecsetmixte.fr\/index.php?rest_route=\/wp\/v2\/types\/post"}],"author":[{"embeddable":true,"href":"http:\/\/echecsetmixte.fr\/index.php?rest_route=\/wp\/v2\/users\/1"}],"replies":[{"embeddable":true,"href":"http:\/\/echecsetmixte.fr\/index.php?rest_route=%2Fwp%2Fv2%2Fcomments&post=233"}],"version-history":[{"count":11,"href":"http:\/\/echecsetmixte.fr\/index.php?rest_route=\/wp\/v2\/posts\/233\/revisions"}],"predecessor-version":[{"id":1826,"href":"http:\/\/echecsetmixte.fr\/index.php?rest_route=\/wp\/v2\/posts\/233\/revisions\/1826"}],"wp:attachment":[{"href":"http:\/\/echecsetmixte.fr\/index.php?rest_route=%2Fwp%2Fv2%2Fmedia&parent=233"}],"wp:term":[{"taxonomy":"category","embeddable":true,"href":"http:\/\/echecsetmixte.fr\/index.php?rest_route=%2Fwp%2Fv2%2Fcategories&post=233"},{"taxonomy":"post_tag","embeddable":true,"href":"http:\/\/echecsetmixte.fr\/index.php?rest_route=%2Fwp%2Fv2%2Ftags&post=233"}],"curies":[{"name":"wp","href":"https:\/\/api.w.org\/{rel}","templated":true}]}}